{"id":5788,"date":"2026-04-21T07:34:51","date_gmt":"2026-04-21T06:34:51","guid":{"rendered":"https:\/\/artezaleak.eus\/programacion-de-verano-2026\/"},"modified":"2026-04-21T07:38:36","modified_gmt":"2026-04-21T06:38:36","slug":"programacion-de-verano-2026","status":"publish","type":"post","link":"https:\/\/artezaleak.eus\/es\/programacion-de-verano-2026\/","title":{"rendered":"Programaci\u00f3n de verano 2026"},"content":{"rendered":"\t\t<div data-elementor-type=\"wp-post\" data-elementor-id=\"5788\" class=\"elementor elementor-5788 elementor-5781\" data-elementor-post-type=\"post\">\n\t\t\t\t\t\t<section class=\"elementor-section elementor-top-section elementor-element elementor-element-63d7f4d elementor-section-boxed elementor-section-height-default elementor-section-height-default\" data-id=\"63d7f4d\" data-element_type=\"section\" data-e-type=\"section\">\n\t\t\t\t\t\t<div class=\"elementor-container elementor-column-gap-default\">\n\t\t\t\t\t<div class=\"elementor-column elementor-col-100 elementor-top-column elementor-element elementor-element-1d49c12\" data-id=\"1d49c12\" data-element_type=\"column\" data-e-type=\"column\">\n\t\t\t<div class=\"elementor-widget-wrap elementor-element-populated\">\n\t\t\t\t\t\t<div class=\"elementor-element elementor-element-7d21a2d elementor-widget elementor-widget-text-editor\" data-id=\"7d21a2d\" data-element_type=\"widget\" data-e-type=\"widget\" data-widget_type=\"text-editor.default\">\n\t\t\t\t<div class=\"elementor-widget-container\">\n\t\t\t\t\t\t\t\t\t<div>Os presentamos nuestra programaci\u00f3n de verano; el plazo de inscripci\u00f3n permanecer\u00e1 abierto desde el 1 de mayo hasta el 15 de junio. <\/div>\n\t\t\t\t\t\t\t\t<\/div>\n\t\t\t\t<\/div>\n\t\t\t\t<div class=\"elementor-element elementor-element-5bfb364 elementor-widget-divider--view-line elementor-widget elementor-widget-divider\" data-id=\"5bfb364\" data-element_type=\"widget\" data-e-type=\"widget\" data-widget_type=\"divider.default\">\n\t\t\t\t<div class=\"elementor-widget-container\">\n\t\t\t\t\t\t\t<div class=\"elementor-divider\">\n\t\t\t<span class=\"elementor-divider-separator\">\n\t\t\t\t\t\t<\/span>\n\t\t<\/div>\n\t\t\t\t\t\t<\/div>\n\t\t\t\t<\/div>\n\t\t\t\t<div class=\"elementor-element elementor-element-69fe70a elementor-widget elementor-widget-heading\" data-id=\"69fe70a\" data-element_type=\"widget\" data-e-type=\"widget\" data-widget_type=\"heading.default\">\n\t\t\t\t<div class=\"elementor-widget-container\">\n\t\t\t\t\t<h3 class=\"elementor-heading-title elementor-size-default\">COSTURA<\/h3>\t\t\t\t<\/div>\n\t\t\t\t<\/div>\n\t\t\t\t<div class=\"elementor-element elementor-element-9e543f5 elementor-widget elementor-widget-text-editor\" data-id=\"9e543f5\" data-element_type=\"widget\" data-e-type=\"widget\" data-widget_type=\"text-editor.default\">\n\t\t\t\t<div class=\"elementor-widget-container\">\n\t\t\t\t\t\t\t\t\t<p>LH3 en adelante<\/p>\n<p><strong>Horario:<br \/><\/strong><em>ma\u00f1anas<\/em> 9:30 &#8211; 11:30 o 11:45 &#8211; 13:45<br \/><strong>Precio:<br \/><\/strong><em>80 \u20ac<\/em> &#8211; una semana<br \/><em>155 \u20ac<\/em> &#8211; dos semanas<br \/><em>210 \u20ac &#8211; <\/em>un mes<\/p>\n\t\t\t\t\t\t\t\t<\/div>\n\t\t\t\t<\/div>\n\t\t\t\t<div class=\"elementor-element elementor-element-0ace6ff elementor-widget-divider--view-line elementor-widget elementor-widget-divider\" data-id=\"0ace6ff\" data-element_type=\"widget\" data-e-type=\"widget\" data-widget_type=\"divider.default\">\n\t\t\t\t<div class=\"elementor-widget-container\">\n\t\t\t\t\t\t\t<div class=\"elementor-divider\">\n\t\t\t<span class=\"elementor-divider-separator\">\n\t\t\t\t\t\t<\/span>\n\t\t<\/div>\n\t\t\t\t\t\t<\/div>\n\t\t\t\t<\/div>\n\t\t\t\t<div class=\"elementor-element elementor-element-0e54173 elementor-widget elementor-widget-heading\" data-id=\"0e54173\" data-element_type=\"widget\" data-e-type=\"widget\" data-widget_type=\"heading.default\">\n\t\t\t\t<div class=\"elementor-widget-container\">\n\t\t\t\t\t<h3 class=\"elementor-heading-title elementor-size-default\">TALLER DE CREACI\u00d3N Y EXPERIMENTACI\u00d3N<\/h3>\t\t\t\t<\/div>\n\t\t\t\t<\/div>\n\t\t\t\t<div class=\"elementor-element elementor-element-1911ce3 elementor-widget elementor-widget-text-editor\" data-id=\"1911ce3\" data-element_type=\"widget\" data-e-type=\"widget\" data-widget_type=\"text-editor.default\">\n\t\t\t\t<div class=\"elementor-widget-container\">\n\t\t\t\t\t\t\t\t\t<p>HH5 en adelante<\/p>\n<p><strong>Horario:<br \/><\/strong><em>ma\u00f1anas<\/em> 10:00 &#8211; 13:00<br \/><strong>Precio:<br \/><\/strong><em>205 \u20ac<\/em> &#8211; dos semanas<br \/><em>310 \u20ac<\/em> &#8211; un mes<\/p>\n\t\t\t\t\t\t\t\t<\/div>\n\t\t\t\t<\/div>\n\t\t\t\t<div class=\"elementor-element elementor-element-547cb88 elementor-widget-divider--view-line elementor-widget elementor-widget-divider\" data-id=\"547cb88\" data-element_type=\"widget\" data-e-type=\"widget\" data-widget_type=\"divider.default\">\n\t\t\t\t<div class=\"elementor-widget-container\">\n\t\t\t\t\t\t\t<div class=\"elementor-divider\">\n\t\t\t<span class=\"elementor-divider-separator\">\n\t\t\t\t\t\t<\/span>\n\t\t<\/div>\n\t\t\t\t\t\t<\/div>\n\t\t\t\t<\/div>\n\t\t\t\t<div class=\"elementor-element elementor-element-5b6f1e2 elementor-widget elementor-widget-heading\" data-id=\"5b6f1e2\" data-element_type=\"widget\" data-e-type=\"widget\" data-widget_type=\"heading.default\">\n\t\t\t\t<div class=\"elementor-widget-container\">\n\t\t\t\t\t<h3 class=\"elementor-heading-title elementor-size-default\">DIBUJOS Y CREACIONES EN PAPEL<\/h3>\t\t\t\t<\/div>\n\t\t\t\t<\/div>\n\t\t\t\t<div class=\"elementor-element elementor-element-d78eabb elementor-widget elementor-widget-text-editor\" data-id=\"d78eabb\" data-element_type=\"widget\" data-e-type=\"widget\" data-widget_type=\"text-editor.default\">\n\t\t\t\t<div class=\"elementor-widget-container\">\n\t\t\t\t\t\t\t\t\t<p>HH5 en adelante<\/p>\n<p><strong>Horario:<br \/><\/strong><em>ma\u00f1anas<\/em> 10:00 &#8211; 13:00<br \/><strong>Precio:<br \/><\/strong><em>140 \u20ac<\/em> &#8211; una semana<br \/><em>205 \u20ac<\/em> &#8211; dos semanas<br \/><em>310 \u20ac<\/em> &#8211; un mes<\/p>\n\t\t\t\t\t\t\t\t<\/div>\n\t\t\t\t<\/div>\n\t\t\t\t<div class=\"elementor-element elementor-element-8431541 elementor-widget-divider--view-line elementor-widget elementor-widget-divider\" data-id=\"8431541\" data-element_type=\"widget\" data-e-type=\"widget\" data-widget_type=\"divider.default\">\n\t\t\t\t<div class=\"elementor-widget-container\">\n\t\t\t\t\t\t\t<div class=\"elementor-divider\">\n\t\t\t<span class=\"elementor-divider-separator\">\n\t\t\t\t\t\t<\/span>\n\t\t<\/div>\n\t\t\t\t\t\t<\/div>\n\t\t\t\t<\/div>\n\t\t\t\t<div class=\"elementor-element elementor-element-f367fc7 elementor-widget elementor-widget-text-editor\" data-id=\"f367fc7\" data-element_type=\"widget\" data-e-type=\"widget\" data-widget_type=\"text-editor.default\">\n\t\t\t\t<div class=\"elementor-widget-container\">\n\t\t\t\t\t\t\t\t\t<p><b>PLAZA MUGATUAK<\/b><\/p>\n<p>Inscripciones:<br \/>artezaleakzarautz@gmail.com<\/p>\n\t\t\t\t\t\t\t\t<\/div>\n\t\t\t\t<\/div>\n\t\t\t\t<div class=\"elementor-element elementor-element-ac7002c elementor-widget elementor-widget-image\" data-id=\"ac7002c\" data-element_type=\"widget\" data-e-type=\"widget\" data-widget_type=\"image.default\">\n\t\t\t\t<div class=\"elementor-widget-container\">\n\t\t\t\t\t\t\t\t\t\t\t\t\t\t\t\t<a href=\"https:\/\/artezaleak.eus\/wp-content\/uploads\/2026\/04\/udako-goizak-2026.jpg\" data-elementor-open-lightbox=\"yes\" data-elementor-lightbox-title=\"Udako egitaraua 2026\" data-e-action-hash=\"#elementor-action%3Aaction%3Dlightbox%26settings%3DeyJpZCI6NTc4MiwidXJsIjoiaHR0cHM6XC9cL2FydGV6YWxlYWsuZXVzXC93cC1jb250ZW50XC91cGxvYWRzXC8yMDI2XC8wNFwvdWRha28tZ29pemFrLTIwMjYuanBnIn0%3D\">\n\t\t\t\t\t\t\t<img fetchpriority=\"high\" decoding=\"async\" width=\"768\" height=\"1096\" src=\"https:\/\/artezaleak.eus\/wp-content\/uploads\/2026\/04\/udako-goizak-2026-768x1096.jpg\" class=\"attachment-medium_large size-medium_large wp-image-5782\" alt=\"\" srcset=\"https:\/\/artezaleak.eus\/wp-content\/uploads\/2026\/04\/udako-goizak-2026-768x1096.jpg 768w, https:\/\/artezaleak.eus\/wp-content\/uploads\/2026\/04\/udako-goizak-2026-210x300.jpg 210w, https:\/\/artezaleak.eus\/wp-content\/uploads\/2026\/04\/udako-goizak-2026-718x1024.jpg 718w, https:\/\/artezaleak.eus\/wp-content\/uploads\/2026\/04\/udako-goizak-2026.jpg 780w\" sizes=\"(max-width: 768px) 100vw, 768px\" \/>\t\t\t\t\t\t\t\t<\/a>\n\t\t\t\t\t\t\t\t\t\t\t\t\t\t\t<\/div>\n\t\t\t\t<\/div>\n\t\t\t\t\t<\/div>\n\t\t<\/div>\n\t\t\t\t\t<\/div>\n\t\t<\/section>\n\t\t\t\t<\/div>\n\t\t","protected":false},"excerpt":{"rendered":"<p>Os presentamos nuestra programaci\u00f3n de verano; el plazo de inscripci\u00f3n permanecer\u00e1 abierto desde el 1 de mayo hasta el 15 de junio. COSTURA LH3 en adelante Horario:ma\u00f1anas 9:30 &#8211; 11:30 o 11:45 &#8211; 13:45Precio:80 \u20ac &#8211; una semana155 \u20ac &#8211; dos semanas210 \u20ac &#8211; un mes TALLER DE CREACI\u00d3N Y EXPERIMENTACI\u00d3N HH5 en adelante Horario:ma\u00f1anas [&hellip;]<\/p>\n","protected":false},"author":5,"featured_media":5447,"comment_status":"closed","ping_status":"closed","sticky":false,"template":"","format":"standard","meta":{"footnotes":""},"categories":[88],"tags":[],"class_list":["post-5788","post","type-post","status-publish","format-standard","has-post-thumbnail","hentry","category-noticias"],"_links":{"self":[{"href":"https:\/\/artezaleak.eus\/es\/wp-json\/wp\/v2\/posts\/5788","targetHints":{"allow":["GET"]}}],"collection":[{"href":"https:\/\/artezaleak.eus\/es\/wp-json\/wp\/v2\/posts"}],"about":[{"href":"https:\/\/artezaleak.eus\/es\/wp-json\/wp\/v2\/types\/post"}],"author":[{"embeddable":true,"href":"https:\/\/artezaleak.eus\/es\/wp-json\/wp\/v2\/users\/5"}],"replies":[{"embeddable":true,"href":"https:\/\/artezaleak.eus\/es\/wp-json\/wp\/v2\/comments?post=5788"}],"version-history":[{"count":1,"href":"https:\/\/artezaleak.eus\/es\/wp-json\/wp\/v2\/posts\/5788\/revisions"}],"predecessor-version":[{"id":5789,"href":"https:\/\/artezaleak.eus\/es\/wp-json\/wp\/v2\/posts\/5788\/revisions\/5789"}],"wp:featuredmedia":[{"embeddable":true,"href":"https:\/\/artezaleak.eus\/es\/wp-json\/wp\/v2\/media\/5447"}],"wp:attachment":[{"href":"https:\/\/artezaleak.eus\/es\/wp-json\/wp\/v2\/media?parent=5788"}],"wp:term":[{"taxonomy":"category","embeddable":true,"href":"https:\/\/artezaleak.eus\/es\/wp-json\/wp\/v2\/categories?post=5788"},{"taxonomy":"post_tag","embeddable":true,"href":"https:\/\/artezaleak.eus\/es\/wp-json\/wp\/v2\/tags?post=5788"}],"curies":[{"name":"wp","href":"https:\/\/api.w.org\/{rel}","templated":true}]}}